{"id":4657,"date":"2019-03-21T09:29:10","date_gmt":"2019-03-21T14:29:10","guid":{"rendered":"https:\/\/sandraperezdev.wpenginepowered.com\/?p=4657"},"modified":"2023-08-25T13:16:51","modified_gmt":"2023-08-25T18:16:51","slug":"por-que-el-por-que-es-lo-mas-importante","status":"publish","type":"post","link":"https:\/\/sandraperezbotero.com\/es\/por-que-el-por-que-es-lo-mas-importante\/","title":{"rendered":"Por qu\u00e9 el por qu\u00e9 es lo m\u00e1s importante"},"content":{"rendered":"<p><iframe data-src=\"https:\/\/www.youtube.com\/embed\/nmEySVFAZlo\" width=\"1280\" height=\"720\" frameborder=\"0\" allowfullscreen=\"allowfullscreen\" src=\"data:image\/svg+xml;base64,PHN2ZyB3aWR0aD0iMSIgaGVpZ2h0PSIxIiB4bWxucz0iaHR0cDovL3d3dy53My5vcmcvMjAwMC9zdmciPjwvc3ZnPg==\" class=\"lazyload\" data-load-mode=\"1\"><\/iframe><br \/>\nDamos por hecho que innovar es una necesidad. Las empresas lo tienen claro y afirman que la innovaci\u00f3n es una de las fuentes de crecimiento y sostenibilidad m\u00e1s relevantes. Pero \u00bfpor qu\u00e9 querer innovar?<\/p>\n<p><a href=\"https:\/\/www.linkedin.com\/in\/sandraperezbotero\/\">Revisando mi Linkedin<\/a>\u00a0me encontr\u00e9 con m\u00e1s de 300 mil contactos en mi red de primer, segundo y tercer grado, con la palabra innovaci\u00f3n en alguna parte de la descripci\u00f3n de cargo, perfil o experiencia. \u00bfPor qu\u00e9 alguien quiere innovar? \u00bfpor qu\u00e9 quieren entrar en la monta\u00f1a rusa que significa hacerlo? \u00bfPor qu\u00e9 alguien quiere experimentar la alegria y fustraci\u00f3n que trae el querer romper el <em>statuo quo<\/em>?<\/p>\n<p>Me hago esta pregunta con regularidad porque durante los 20 a\u00f1os que llevo haci\u00e9ndolo, es clave recordar y tener claro ese por qu\u00e9. Mi respuesta siempre es la misma: prop\u00f3sito. Si tienes claro porque vale la pena hacer las cosas, es mucho m\u00e1s f\u00e1cil sacar los objetivos adelante, tener la resiliencia y el esp\u00edritu para poder enfrentar los inconvenientes, que son naturales en el proceso de innovaci\u00f3n.<\/p>\n<p>\u00bfPor qu\u00e9 quieres innovar?<\/p>","protected":false},"excerpt":{"rendered":"<p>Damos por hecho que innovar es una necesidad. Las empresas lo tienen claro y afirman que la innovaci\u00f3n es una de las fuentes de crecimiento y sostenibilidad m\u00e1s relevantes. Pero \u00bfpor qu\u00e9 querer innovar? Revisando mi Linkedin\u00a0me encontr\u00e9 con m\u00e1s de 300 mil contactos en mi red de primer, segundo y tercer grado, con la [&hellip;]<\/p>\n","protected":false},"author":1,"featured_media":6073,"comment_status":"open","ping_status":"open","sticky":false,"template":"","format":"standard","meta":{"_exactmetrics_skip_tracking":false,"_exactmetrics_sitenote_active":false,"_exactmetrics_sitenote_note":"","_exactmetrics_sitenote_category":0,"footnotes":""},"categories":[11],"tags":[],"class_list":["post-4657","post","type-post","status-publish","format-standard","has-post-thumbnail","hentry","category-liderazgo"],"yoast_head":"<!-- This site is optimized with the Yoast SEO plugin v27.5 - https:\/\/yoast.com\/product\/yoast-seo-wordpress\/ -->\n<title>Por qu\u00e9 el por qu\u00e9 es lo m\u00e1s importante | Sandra P\u00e9rez Botero<\/title>\n<meta name=\"robots\" content=\"index, follow, max-snippet:-1, max-image-preview:large, max-video-preview:-1\" \/>\n<link rel=\"canonical\" href=\"https:\/\/sandraperezbotero.com\/es\/por-que-el-por-que-es-lo-mas-importante\/\" \/>\n<meta property=\"og:locale\" content=\"es_ES\" \/>\n<meta property=\"og:type\" content=\"article\" \/>\n<meta property=\"og:title\" content=\"Por qu\u00e9 el por qu\u00e9 es lo m\u00e1s importante | Sandra P\u00e9rez Botero\" \/>\n<meta property=\"og:description\" content=\"Damos por hecho que innovar es una necesidad. Las empresas lo tienen claro y afirman que la innovaci\u00f3n es una de las fuentes de crecimiento y sostenibilidad m\u00e1s relevantes. Pero \u00bfpor qu\u00e9 querer innovar? Revisando mi Linkedin\u00a0me encontr\u00e9 con m\u00e1s de 300 mil contactos en mi red de primer, segundo y tercer grado, con la [&hellip;]\" \/>\n<meta property=\"og:url\" content=\"https:\/\/sandraperezbotero.com\/es\/por-que-el-por-que-es-lo-mas-importante\/\" \/>\n<meta property=\"og:site_name\" content=\"Sandra P\u00e9rez Botero\" \/>\n<meta property=\"article:publisher\" content=\"https:\/\/www.facebook.com\/isenseinnovacion\/\" \/>\n<meta property=\"article:published_time\" content=\"2019-03-21T14:29:10+00:00\" \/>\n<meta property=\"article:modified_time\" content=\"2023-08-25T18:16:51+00:00\" \/>\n<meta property=\"og:image\" content=\"https:\/\/sandraperezbotero.com\/wp-content\/uploads\/2019\/03\/547866-26.webp\" \/>\n\t<meta property=\"og:image:width\" content=\"2240\" \/>\n\t<meta property=\"og:image:height\" content=\"1260\" \/>\n\t<meta property=\"og:image:type\" content=\"image\/webp\" \/>\n<meta name=\"author\" content=\"Sandra P\u00e9rez Botero\" \/>\n<meta name=\"twitter:card\" content=\"summary_large_image\" \/>\n<meta name=\"twitter:creator\" content=\"@sandraperez\" \/>\n<meta name=\"twitter:site\" content=\"@SaPerezBotero\" \/>\n<meta name=\"twitter:label1\" content=\"Escrito por\" \/>\n\t<meta name=\"twitter:data1\" content=\"Sandra P\u00e9rez Botero\" \/>\n\t<meta name=\"twitter:label2\" content=\"Tiempo de lectura\" \/>\n\t<meta name=\"twitter:data2\" content=\"1 minuto\" \/>\n<script type=\"application\/ld+json\" class=\"yoast-schema-graph\">{\"@context\":\"https:\\\/\\\/schema.org\",\"@graph\":[{\"@type\":\"Article\",\"@id\":\"https:\\\/\\\/sandraperezbotero.com\\\/por-que-el-por-que-es-lo-mas-importante\\\/#article\",\"isPartOf\":{\"@id\":\"https:\\\/\\\/sandraperezbotero.com\\\/por-que-el-por-que-es-lo-mas-importante\\\/\"},\"author\":{\"name\":\"Sandra P\u00e9rez Botero\",\"@id\":\"https:\\\/\\\/sandraperezbotero.com\\\/#\\\/schema\\\/person\\\/06a8281b01c6df7cbcadcc445280ca7c\"},\"headline\":\"Por qu\u00e9 el por qu\u00e9 es lo m\u00e1s importante\",\"datePublished\":\"2019-03-21T14:29:10+00:00\",\"dateModified\":\"2023-08-25T18:16:51+00:00\",\"mainEntityOfPage\":{\"@id\":\"https:\\\/\\\/sandraperezbotero.com\\\/por-que-el-por-que-es-lo-mas-importante\\\/\"},\"wordCount\":195,\"commentCount\":0,\"image\":{\"@id\":\"https:\\\/\\\/sandraperezbotero.com\\\/por-que-el-por-que-es-lo-mas-importante\\\/#primaryimage\"},\"thumbnailUrl\":\"https:\\\/\\\/sandraperezbotero.com\\\/wp-content\\\/uploads\\\/2019\\\/03\\\/547866-26.webp\",\"articleSection\":[\"Liderazgo\"],\"inLanguage\":\"es\",\"potentialAction\":[{\"@type\":\"CommentAction\",\"name\":\"Comment\",\"target\":[\"https:\\\/\\\/sandraperezbotero.com\\\/por-que-el-por-que-es-lo-mas-importante\\\/#respond\"]}]},{\"@type\":\"WebPage\",\"@id\":\"https:\\\/\\\/sandraperezbotero.com\\\/por-que-el-por-que-es-lo-mas-importante\\\/\",\"url\":\"https:\\\/\\\/sandraperezbotero.com\\\/por-que-el-por-que-es-lo-mas-importante\\\/\",\"name\":\"Por qu\u00e9 el por qu\u00e9 es lo m\u00e1s importante | Sandra P\u00e9rez Botero\",\"isPartOf\":{\"@id\":\"https:\\\/\\\/sandraperezbotero.com\\\/#website\"},\"primaryImageOfPage\":{\"@id\":\"https:\\\/\\\/sandraperezbotero.com\\\/por-que-el-por-que-es-lo-mas-importante\\\/#primaryimage\"},\"image\":{\"@id\":\"https:\\\/\\\/sandraperezbotero.com\\\/por-que-el-por-que-es-lo-mas-importante\\\/#primaryimage\"},\"thumbnailUrl\":\"https:\\\/\\\/sandraperezbotero.com\\\/wp-content\\\/uploads\\\/2019\\\/03\\\/547866-26.webp\",\"datePublished\":\"2019-03-21T14:29:10+00:00\",\"dateModified\":\"2023-08-25T18:16:51+00:00\",\"author\":{\"@id\":\"https:\\\/\\\/sandraperezbotero.com\\\/#\\\/schema\\\/person\\\/06a8281b01c6df7cbcadcc445280ca7c\"},\"breadcrumb\":{\"@id\":\"https:\\\/\\\/sandraperezbotero.com\\\/por-que-el-por-que-es-lo-mas-importante\\\/#breadcrumb\"},\"inLanguage\":\"es\",\"potentialAction\":[{\"@type\":\"ReadAction\",\"target\":[\"https:\\\/\\\/sandraperezbotero.com\\\/por-que-el-por-que-es-lo-mas-importante\\\/\"]}]},{\"@type\":\"ImageObject\",\"inLanguage\":\"es\",\"@id\":\"https:\\\/\\\/sandraperezbotero.com\\\/por-que-el-por-que-es-lo-mas-importante\\\/#primaryimage\",\"url\":\"https:\\\/\\\/sandraperezbotero.com\\\/wp-content\\\/uploads\\\/2019\\\/03\\\/547866-26.webp\",\"contentUrl\":\"https:\\\/\\\/sandraperezbotero.com\\\/wp-content\\\/uploads\\\/2019\\\/03\\\/547866-26.webp\",\"width\":2240,\"height\":1260},{\"@type\":\"BreadcrumbList\",\"@id\":\"https:\\\/\\\/sandraperezbotero.com\\\/por-que-el-por-que-es-lo-mas-importante\\\/#breadcrumb\",\"itemListElement\":[{\"@type\":\"ListItem\",\"position\":1,\"name\":\"Portada\",\"item\":\"https:\\\/\\\/sandraperezbotero.com\\\/\"},{\"@type\":\"ListItem\",\"position\":2,\"name\":\"Por qu\u00e9 el por qu\u00e9 es lo m\u00e1s importante\"}]},{\"@type\":\"WebSite\",\"@id\":\"https:\\\/\\\/sandraperezbotero.com\\\/#website\",\"url\":\"https:\\\/\\\/sandraperezbotero.com\\\/\",\"name\":\"Sandra P\u00e9rez Botero\",\"description\":\"Innovation Catalyst\",\"potentialAction\":[{\"@type\":\"SearchAction\",\"target\":{\"@type\":\"EntryPoint\",\"urlTemplate\":\"https:\\\/\\\/sandraperezbotero.com\\\/?s={search_term_string}\"},\"query-input\":{\"@type\":\"PropertyValueSpecification\",\"valueRequired\":true,\"valueName\":\"search_term_string\"}}],\"inLanguage\":\"es\"},{\"@type\":\"Person\",\"@id\":\"https:\\\/\\\/sandraperezbotero.com\\\/#\\\/schema\\\/person\\\/06a8281b01c6df7cbcadcc445280ca7c\",\"name\":\"Sandra P\u00e9rez Botero\",\"image\":{\"@type\":\"ImageObject\",\"inLanguage\":\"es\",\"@id\":\"https:\\\/\\\/secure.gravatar.com\\\/avatar\\\/7d9f1f3ea87b7c312fa9c3bb474cb90cb83671b0f8afb0d6e79d9ebf546859b5?s=96&d=mm&r=g\",\"url\":\"https:\\\/\\\/secure.gravatar.com\\\/avatar\\\/7d9f1f3ea87b7c312fa9c3bb474cb90cb83671b0f8afb0d6e79d9ebf546859b5?s=96&d=mm&r=g\",\"contentUrl\":\"https:\\\/\\\/secure.gravatar.com\\\/avatar\\\/7d9f1f3ea87b7c312fa9c3bb474cb90cb83671b0f8afb0d6e79d9ebf546859b5?s=96&d=mm&r=g\",\"caption\":\"Sandra P\u00e9rez Botero\"},\"description\":\"Ayudo a las personas y organizaciones a promover la innovaci\u00f3n y lograr resultados excepcionales trabajando desde el prop\u00f3sito, la estrategia y el liderazgo. Si est\u00e1s aqu\u00ed es porque quieres hacer que la innovaci\u00f3n suceda dentro de tu organizaci\u00f3n. Voy ayudarte a lograrlo.\",\"sameAs\":[\"https:\\\/\\\/x.com\\\/sandraperez\"]}]}<\/script>\n<!-- \/ Yoast SEO plugin. -->","yoast_head_json":{"title":"Por qu\u00e9 el por qu\u00e9 es lo m\u00e1s importante | Sandra P\u00e9rez Botero","robots":{"index":"index","follow":"follow","max-snippet":"max-snippet:-1","max-image-preview":"max-image-preview:large","max-video-preview":"max-video-preview:-1"},"canonical":"https:\/\/sandraperezbotero.com\/es\/por-que-el-por-que-es-lo-mas-importante\/","og_locale":"es_ES","og_type":"article","og_title":"Por qu\u00e9 el por qu\u00e9 es lo m\u00e1s importante | Sandra P\u00e9rez Botero","og_description":"Damos por hecho que innovar es una necesidad. Las empresas lo tienen claro y afirman que la innovaci\u00f3n es una de las fuentes de crecimiento y sostenibilidad m\u00e1s relevantes. Pero \u00bfpor qu\u00e9 querer innovar? Revisando mi Linkedin\u00a0me encontr\u00e9 con m\u00e1s de 300 mil contactos en mi red de primer, segundo y tercer grado, con la [&hellip;]","og_url":"https:\/\/sandraperezbotero.com\/es\/por-que-el-por-que-es-lo-mas-importante\/","og_site_name":"Sandra P\u00e9rez Botero","article_publisher":"https:\/\/www.facebook.com\/isenseinnovacion\/","article_published_time":"2019-03-21T14:29:10+00:00","article_modified_time":"2023-08-25T18:16:51+00:00","og_image":[{"width":2240,"height":1260,"url":"https:\/\/sandraperezbotero.com\/wp-content\/uploads\/2019\/03\/547866-26.webp","type":"image\/webp"}],"author":"Sandra P\u00e9rez Botero","twitter_card":"summary_large_image","twitter_creator":"@sandraperez","twitter_site":"@SaPerezBotero","twitter_misc":{"Escrito por":"Sandra P\u00e9rez Botero","Tiempo de lectura":"1 minuto"},"schema":{"@context":"https:\/\/schema.org","@graph":[{"@type":"Article","@id":"https:\/\/sandraperezbotero.com\/por-que-el-por-que-es-lo-mas-importante\/#article","isPartOf":{"@id":"https:\/\/sandraperezbotero.com\/por-que-el-por-que-es-lo-mas-importante\/"},"author":{"name":"Sandra P\u00e9rez Botero","@id":"https:\/\/sandraperezbotero.com\/#\/schema\/person\/06a8281b01c6df7cbcadcc445280ca7c"},"headline":"Por qu\u00e9 el por qu\u00e9 es lo m\u00e1s importante","datePublished":"2019-03-21T14:29:10+00:00","dateModified":"2023-08-25T18:16:51+00:00","mainEntityOfPage":{"@id":"https:\/\/sandraperezbotero.com\/por-que-el-por-que-es-lo-mas-importante\/"},"wordCount":195,"commentCount":0,"image":{"@id":"https:\/\/sandraperezbotero.com\/por-que-el-por-que-es-lo-mas-importante\/#primaryimage"},"thumbnailUrl":"https:\/\/sandraperezbotero.com\/wp-content\/uploads\/2019\/03\/547866-26.webp","articleSection":["Liderazgo"],"inLanguage":"es","potentialAction":[{"@type":"CommentAction","name":"Comment","target":["https:\/\/sandraperezbotero.com\/por-que-el-por-que-es-lo-mas-importante\/#respond"]}]},{"@type":"WebPage","@id":"https:\/\/sandraperezbotero.com\/por-que-el-por-que-es-lo-mas-importante\/","url":"https:\/\/sandraperezbotero.com\/por-que-el-por-que-es-lo-mas-importante\/","name":"Por qu\u00e9 el por qu\u00e9 es lo m\u00e1s importante | Sandra P\u00e9rez Botero","isPartOf":{"@id":"https:\/\/sandraperezbotero.com\/#website"},"primaryImageOfPage":{"@id":"https:\/\/sandraperezbotero.com\/por-que-el-por-que-es-lo-mas-importante\/#primaryimage"},"image":{"@id":"https:\/\/sandraperezbotero.com\/por-que-el-por-que-es-lo-mas-importante\/#primaryimage"},"thumbnailUrl":"https:\/\/sandraperezbotero.com\/wp-content\/uploads\/2019\/03\/547866-26.webp","datePublished":"2019-03-21T14:29:10+00:00","dateModified":"2023-08-25T18:16:51+00:00","author":{"@id":"https:\/\/sandraperezbotero.com\/#\/schema\/person\/06a8281b01c6df7cbcadcc445280ca7c"},"breadcrumb":{"@id":"https:\/\/sandraperezbotero.com\/por-que-el-por-que-es-lo-mas-importante\/#breadcrumb"},"inLanguage":"es","potentialAction":[{"@type":"ReadAction","target":["https:\/\/sandraperezbotero.com\/por-que-el-por-que-es-lo-mas-importante\/"]}]},{"@type":"ImageObject","inLanguage":"es","@id":"https:\/\/sandraperezbotero.com\/por-que-el-por-que-es-lo-mas-importante\/#primaryimage","url":"https:\/\/sandraperezbotero.com\/wp-content\/uploads\/2019\/03\/547866-26.webp","contentUrl":"https:\/\/sandraperezbotero.com\/wp-content\/uploads\/2019\/03\/547866-26.webp","width":2240,"height":1260},{"@type":"BreadcrumbList","@id":"https:\/\/sandraperezbotero.com\/por-que-el-por-que-es-lo-mas-importante\/#breadcrumb","itemListElement":[{"@type":"ListItem","position":1,"name":"Portada","item":"https:\/\/sandraperezbotero.com\/"},{"@type":"ListItem","position":2,"name":"Por qu\u00e9 el por qu\u00e9 es lo m\u00e1s importante"}]},{"@type":"WebSite","@id":"https:\/\/sandraperezbotero.com\/#website","url":"https:\/\/sandraperezbotero.com\/","name":"Sandra P\u00e9rez Botero","description":"Innovation Catalyst","potentialAction":[{"@type":"SearchAction","target":{"@type":"EntryPoint","urlTemplate":"https:\/\/sandraperezbotero.com\/?s={search_term_string}"},"query-input":{"@type":"PropertyValueSpecification","valueRequired":true,"valueName":"search_term_string"}}],"inLanguage":"es"},{"@type":"Person","@id":"https:\/\/sandraperezbotero.com\/#\/schema\/person\/06a8281b01c6df7cbcadcc445280ca7c","name":"Sandra P\u00e9rez Botero","image":{"@type":"ImageObject","inLanguage":"es","@id":"https:\/\/secure.gravatar.com\/avatar\/7d9f1f3ea87b7c312fa9c3bb474cb90cb83671b0f8afb0d6e79d9ebf546859b5?s=96&d=mm&r=g","url":"https:\/\/secure.gravatar.com\/avatar\/7d9f1f3ea87b7c312fa9c3bb474cb90cb83671b0f8afb0d6e79d9ebf546859b5?s=96&d=mm&r=g","contentUrl":"https:\/\/secure.gravatar.com\/avatar\/7d9f1f3ea87b7c312fa9c3bb474cb90cb83671b0f8afb0d6e79d9ebf546859b5?s=96&d=mm&r=g","caption":"Sandra P\u00e9rez Botero"},"description":"Ayudo a las personas y organizaciones a promover la innovaci\u00f3n y lograr resultados excepcionales trabajando desde el prop\u00f3sito, la estrategia y el liderazgo. Si est\u00e1s aqu\u00ed es porque quieres hacer que la innovaci\u00f3n suceda dentro de tu organizaci\u00f3n. Voy ayudarte a lograrlo.","sameAs":["https:\/\/x.com\/sandraperez"]}]}},"_links":{"self":[{"href":"https:\/\/sandraperezbotero.com\/es\/wp-json\/wp\/v2\/posts\/4657","targetHints":{"allow":["GET"]}}],"collection":[{"href":"https:\/\/sandraperezbotero.com\/es\/wp-json\/wp\/v2\/posts"}],"about":[{"href":"https:\/\/sandraperezbotero.com\/es\/wp-json\/wp\/v2\/types\/post"}],"author":[{"embeddable":true,"href":"https:\/\/sandraperezbotero.com\/es\/wp-json\/wp\/v2\/users\/1"}],"replies":[{"embeddable":true,"href":"https:\/\/sandraperezbotero.com\/es\/wp-json\/wp\/v2\/comments?post=4657"}],"version-history":[{"count":0,"href":"https:\/\/sandraperezbotero.com\/es\/wp-json\/wp\/v2\/posts\/4657\/revisions"}],"wp:featuredmedia":[{"embeddable":true,"href":"https:\/\/sandraperezbotero.com\/es\/wp-json\/wp\/v2\/media\/6073"}],"wp:attachment":[{"href":"https:\/\/sandraperezbotero.com\/es\/wp-json\/wp\/v2\/media?parent=4657"}],"wp:term":[{"taxonomy":"category","embeddable":true,"href":"https:\/\/sandraperezbotero.com\/es\/wp-json\/wp\/v2\/categories?post=4657"},{"taxonomy":"post_tag","embeddable":true,"href":"https:\/\/sandraperezbotero.com\/es\/wp-json\/wp\/v2\/tags?post=4657"}],"curies":[{"name":"wp","href":"https:\/\/api.w.org\/{rel}","templated":true}]}}